{"id":1033,"date":"2020-02-07T23:40:46","date_gmt":"2020-02-07T22:40:46","guid":{"rendered":"http:\/\/esprit-sud.org\/?p=1033"},"modified":"2020-05-27T02:20:53","modified_gmt":"2020-05-27T00:20:53","slug":"projet-de-partenariat-avec-tele-ecole-visite-des-locaux","status":"publish","type":"post","link":"https:\/\/esprit-sud.org\/index.php\/2020\/02\/07\/projet-de-partenariat-avec-tele-ecole-visite-des-locaux\/","title":{"rendered":"Projet de partenariat avec la t\u00e9l\u00e9 \u00e9ducative, T\u00e9l\u00e9 Ecole \/ Visite des locaux"},"content":{"rendered":"\n<p class=\"has-drop-cap\">Visite des locaux de T\u00e9l\u00e9 Ecole \u00e0 Dakar et entretien avec l\u2019\u00e9crivain Assane Mboup, \u00e9galement directeur fondateur de T\u00e9l\u00e9 Ecole et pr\u00e9sident de l\u2019Union Internationale des T\u00e9l\u00e9visions Educatives Francophones (UITEF). <\/p>\n\n\n\n<p>T\u00e9l\u00e9 Ecole diffuse des contenus \u00e9ducatifs, est anim\u00e9e par des \u00e9l\u00e8ves et des \u00e9tudiants et dirig\u00e9e par un conseil scientifique qui valide les contenus. Les \u00e9tudiants animateurs sont coach\u00e9s par le journaliste Sada Kane et Assane Mboup lui m\u00eame. Parmi les \u00e9missions: le grand JT de l\u2019\u00e9ducation, Raconte-moi tes folies, T\u00e9l\u00e9 Environnement, T\u00e9l\u00e9 Entreprise, Ma Sant\u00e9, Lire et \u00c9crire, Histoire du S\u00e9n\u00e9gal, Discover my school, Pens\u00e9es critiques, etc. <\/p>\n\n\n\n<p>Assane Mboup a r\u00e9cemment publi\u00e9 Valeurs de paix chez l\u2019Harmattan ou encore Maam Bamba, une collection de 6 volumes dont \u201cl&rsquo;objectif de participer \u00e0 la vulgarisation des enseignements de Cheikh Ahmadou Bamba pour une soci\u00e9t\u00e9 stable, une jeunesse \u00e9duqu\u00e9e dans l&rsquo;\u00e9change solidaire et la culture de paix dans la foi.\u201d <\/p>\n\n\n\n<p>Dans un contexte m\u00e9diatique domin\u00e9 par le divertissement, T\u00e9l\u00e9 Ecole offre une alternative en formant des jeunes aux m\u00e9tiers et en proposant aux diff\u00e9rents publics des \u00e9missions sur l\u2019education, la voie principale  qui m\u00e8ne \u00e0 tout d\u00e9veloppement. <\/p>\n\n\n\n<p>L\u2019application T\u00e9l\u00e9 Ecole est disponible sur App Store. <\/p>\n\n\n\n<h4>Monsieur Mboub a \u00e9mis la possibilit\u00e9 de pr\u00eater le camion mobile de T\u00e9l\u00e9 Ecole au service du projet \u00ab\u00a0Biblioth\u00e8que mobile\u00a0\u00bb mis en place par Esprit Sud.<\/h4>\n\n\n\n<figure class=\"wp-block-image\"><img decoding=\"async\" loading=\"lazy\" width=\"900\" height=\"450\" src=\"http:\/\/esprit-sud.org\/wp-content\/uploads\/2020\/05\/camion-mobile-t\u00e9l\u00e9-\u00e9cole.jpg\" alt=\"\" class=\"wp-image-1035\" srcset=\"https:\/\/esprit-sud.org\/wp-content\/uploads\/2020\/05\/camion-mobile-t\u00e9l\u00e9-\u00e9cole.jpg 900w, https:\/\/esprit-sud.org\/wp-content\/uploads\/2020\/05\/camion-mobile-t\u00e9l\u00e9-\u00e9cole-300x150.jpg 300w, https:\/\/esprit-sud.org\/wp-content\/uploads\/2020\/05\/camion-mobile-t\u00e9l\u00e9-\u00e9cole-768x384.jpg 768w\" sizes=\"(max-width: 900px) 100vw, 900px\" \/><\/figure>\n","protected":false},"excerpt":{"rendered":"<p>Visite des locaux de T\u00e9l\u00e9 Ecole \u00e0 Dakar et entretien avec l\u2019\u00e9crivain Assane Mboup, \u00e9galement directeur fondateur de T\u00e9l\u00e9 Ecole et pr\u00e9sident de l\u2019Union Internationale des T\u00e9l\u00e9visions Educatives Francophones (UITEF). T\u00e9l\u00e9 Ecole diffuse des contenus \u00e9ducatifs, est anim\u00e9e par des \u00e9l\u00e8ves et des \u00e9tudiants et dirig\u00e9e par un conseil scientifique qui valide les contenus. Les [&hellip;]<\/p>\n","protected":false},"author":1,"featured_media":1034,"comment_status":"closed","ping_status":"closed","sticky":false,"template":"","format":"standard","meta":{"ngg_post_thumbnail":0},"categories":[4,8,5],"tags":[],"_links":{"self":[{"href":"https:\/\/esprit-sud.org\/index.php\/wp-json\/wp\/v2\/posts\/1033"}],"collection":[{"href":"https:\/\/esprit-sud.org\/index.php\/wp-json\/wp\/v2\/posts"}],"about":[{"href":"https:\/\/esprit-sud.org\/index.php\/wp-json\/wp\/v2\/types\/post"}],"author":[{"embeddable":true,"href":"https:\/\/esprit-sud.org\/index.php\/wp-json\/wp\/v2\/users\/1"}],"replies":[{"embeddable":true,"href":"https:\/\/esprit-sud.org\/index.php\/wp-json\/wp\/v2\/comments?post=1033"}],"version-history":[{"count":2,"href":"https:\/\/esprit-sud.org\/index.php\/wp-json\/wp\/v2\/posts\/1033\/revisions"}],"predecessor-version":[{"id":1105,"href":"https:\/\/esprit-sud.org\/index.php\/wp-json\/wp\/v2\/posts\/1033\/revisions\/1105"}],"wp:featuredmedia":[{"embeddable":true,"href":"https:\/\/esprit-sud.org\/index.php\/wp-json\/wp\/v2\/media\/1034"}],"wp:attachment":[{"href":"https:\/\/esprit-sud.org\/index.php\/wp-json\/wp\/v2\/media?parent=1033"}],"wp:term":[{"taxonomy":"category","embeddable":true,"href":"https:\/\/esprit-sud.org\/index.php\/wp-json\/wp\/v2\/categories?post=1033"},{"taxonomy":"post_tag","embeddable":true,"href":"https:\/\/esprit-sud.org\/index.php\/wp-json\/wp\/v2\/tags?post=1033"}],"curies":[{"name":"wp","href":"https:\/\/api.w.org\/{rel}","templated":true}]}}