{"id":2803,"date":"2019-06-24T17:33:00","date_gmt":"2019-06-24T15:33:00","guid":{"rendered":"http:\/\/esprit-sud.org\/?p=2803"},"modified":"2020-07-07T05:54:14","modified_gmt":"2020-07-07T03:54:14","slug":"george-sand","status":"publish","type":"post","link":"https:\/\/esprit-sud.org\/index.php\/2019\/06\/24\/george-sand\/","title":{"rendered":"George Sand"},"content":{"rendered":"\n<div class=\"wp-block-image\"><figure class=\"aligncenter size-large\"><img decoding=\"async\" loading=\"lazy\" width=\"330\" height=\"441\" src=\"http:\/\/esprit-sud.org\/wp-content\/uploads\/2020\/06\/George_Sand.png\" alt=\"\" class=\"wp-image-2804\" srcset=\"https:\/\/esprit-sud.org\/wp-content\/uploads\/2020\/06\/George_Sand.png 330w, https:\/\/esprit-sud.org\/wp-content\/uploads\/2020\/06\/George_Sand-224x300.png 224w\" sizes=\"(max-width: 330px) 100vw, 330px\" \/><\/figure><\/div>\n\n\n\n<p class=\"has-drop-cap has-text-align-left\"><a rel=\"noreferrer noopener\" href=\"https:\/\/fr.wikipedia.org\/wiki\/George_Sand\" target=\"_blank\">George Sand<\/a>, pseudonyme\u00a0d&rsquo;Amantine Aurore Lucile Dupin, par mariage\u00a0baronne Dudevant, est une romanci\u00e8re, dramaturge, \u00e9pistoli\u00e8re, critique litt\u00e9raire et journaliste fran\u00e7aise du XIXe si\u00e8cle. Elle compte parmi les \u00e9crivains les plus prolifiques, avec plus de 70 romans \u00e0 son actif et 50 volumes d&rsquo;\u0153uvres diverses dont des nouvelles, des contes, des pi\u00e8ces de th\u00e9\u00e2tre et des textes politiques.<\/p>\n\n\n\n<h2 class=\"has-text-align-center\">LIRE L&rsquo;OEUVRE DE <a href=\"https:\/\/fr.wikipedia.org\/wiki\/George_Sand\" target=\"_blank\" rel=\"noreferrer noopener\">GEORGE SAND<\/a><\/h2>\n\n\n\n<div class=\"is-layout-flex wp-block-buttons alignleft\">\n<div class=\"wp-block-button\"><a class=\"wp-block-button__link\" href=\"https:\/\/beq.ebooksgratuits.com\/vents\/Sand-mare.pdf\" target=\"_blank\" rel=\"noreferrer noopener\">La mare au Diable<\/a><\/div>\n\n\n\n<div class=\"wp-block-button\"><a class=\"wp-block-button__link\" href=\"http:\/\/beq.ebooksgratuits.com\/vents\/Sand-Andre.pdf\" target=\"_blank\" rel=\"noreferrer noopener\">Andr\u00e9<\/a><\/div>\n<\/div>\n\n\n\n<div class=\"is-layout-flex wp-block-buttons alignleft\">\n<div class=\"wp-block-button\"><a class=\"wp-block-button__link\" href=\"https:\/\/beq.ebooksgratuits.com\/vents-xpdf\/Sand-desertes.pdf\" target=\"_blank\" rel=\"noreferrer noopener\">Le ch\u00e2teau des D\u00e9sertes<\/a><\/div>\n\n\n\n<div class=\"wp-block-button\"><a class=\"wp-block-button__link\" href=\"http:\/\/beq.ebooksgratuits.com\/vents\/sand-fadette.pdf\" target=\"_blank\" rel=\"noreferrer noopener\">La petite Fadette<\/a><\/div>\n\n\n\n<div class=\"wp-block-button\"><a class=\"wp-block-button__link\" href=\"http:\/\/beq.ebooksgratuits.com\/vents-xpdf\/Sand-contes1.pdf\" target=\"_blank\" rel=\"noreferrer noopener\">Les contes d&rsquo;une grand-m\u00e8re 1<\/a><\/div>\n\n\n\n<div class=\"wp-block-button\"><a class=\"wp-block-button__link\" href=\"http:\/\/beq.ebooksgratuits.com\/vents\/Sand-contes2.pdf\" target=\"_blank\" rel=\"noreferrer noopener\">Les contes d&rsquo;une grand-m\u00e8re 2<\/a><\/div>\n<\/div>\n","protected":false},"excerpt":{"rendered":"<p>George Sand, pseudonyme\u00a0d&rsquo;Amantine Aurore Lucile Dupin, par mariage\u00a0baronne Dudevant, est une romanci\u00e8re, dramaturge, \u00e9pistoli\u00e8re, critique litt\u00e9raire et journaliste fran\u00e7aise du XIXe si\u00e8cle. Elle compte parmi les \u00e9crivains les plus prolifiques, avec plus de 70 romans \u00e0 son actif et 50 volumes d&rsquo;\u0153uvres diverses dont des nouvelles, des contes, des pi\u00e8ces de th\u00e9\u00e2tre et des textes [&hellip;]<\/p>\n","protected":false},"author":1,"featured_media":0,"comment_status":"closed","ping_status":"closed","sticky":false,"template":"","format":"standard","meta":{"ngg_post_thumbnail":0},"categories":[15,32,21,24,36],"tags":[],"_links":{"self":[{"href":"https:\/\/esprit-sud.org\/index.php\/wp-json\/wp\/v2\/posts\/2803"}],"collection":[{"href":"https:\/\/esprit-sud.org\/index.php\/wp-json\/wp\/v2\/posts"}],"about":[{"href":"https:\/\/esprit-sud.org\/index.php\/wp-json\/wp\/v2\/types\/post"}],"author":[{"embeddable":true,"href":"https:\/\/esprit-sud.org\/index.php\/wp-json\/wp\/v2\/users\/1"}],"replies":[{"embeddable":true,"href":"https:\/\/esprit-sud.org\/index.php\/wp-json\/wp\/v2\/comments?post=2803"}],"version-history":[{"count":23,"href":"https:\/\/esprit-sud.org\/index.php\/wp-json\/wp\/v2\/posts\/2803\/revisions"}],"predecessor-version":[{"id":3606,"href":"https:\/\/esprit-sud.org\/index.php\/wp-json\/wp\/v2\/posts\/2803\/revisions\/3606"}],"wp:attachment":[{"href":"https:\/\/esprit-sud.org\/index.php\/wp-json\/wp\/v2\/media?parent=2803"}],"wp:term":[{"taxonomy":"category","embeddable":true,"href":"https:\/\/esprit-sud.org\/index.php\/wp-json\/wp\/v2\/categories?post=2803"},{"taxonomy":"post_tag","embeddable":true,"href":"https:\/\/esprit-sud.org\/index.php\/wp-json\/wp\/v2\/tags?post=2803"}],"curies":[{"name":"wp","href":"https:\/\/api.w.org\/{rel}","templated":true}]}}