{"id":917,"date":"2019-12-14T15:03:08","date_gmt":"2019-12-14T14:03:08","guid":{"rendered":"http:\/\/esprit-sud.org\/?p=917"},"modified":"2020-05-21T05:30:17","modified_gmt":"2020-05-21T03:30:17","slug":"partenariat-avec-le-lycee-banque-islamique-de-dakar","status":"publish","type":"post","link":"https:\/\/esprit-sud.org\/index.php\/2019\/12\/14\/partenariat-avec-le-lycee-banque-islamique-de-dakar\/","title":{"rendered":"Partenariat avec le lyc\u00e9e Banque Islamique de Dakar"},"content":{"rendered":"\n<p class=\"has-drop-cap\">Aujourd\u2019hui d\u00e9bute la premi\u00e8re phase du programme \u201cRepensons l\u2019ecole de demain en Afrique\u201d que nous avons l\u2019honneur de coordonner. <\/p>\n\n\n\n<p>Visite de terrain afin de r\u00e9pertorier les r\u00e9els besoins des principaux concern\u00e9s: \u00e9l\u00e8ves, enseignants, direction, personnel \u00e9ducatif. Merci au Proviseur du lyc\u00e9e Banque Islamique, Mme Man\u00e9, qui nous a re\u00e7us, expos\u00e9 son projet p\u00e9dagogique,  accept\u00e9 la proposition de partenariat que nous lui avons soumise, fait visiter son \u00e9tablissement: les salles de classe, la salle informatique, la biblioth\u00e8que&#8230; <\/p>\n\n\n\n<p>En route vers l\u2019\u00e9cole du XXIe si\u00e8cle avec Esprit Sud. <\/p>\n","protected":false},"excerpt":{"rendered":"<p>Aujourd\u2019hui d\u00e9bute la premi\u00e8re phase du programme \u201cRepensons l\u2019ecole de demain en Afrique\u201d que nous avons l\u2019honneur de coordonner. Visite de terrain afin de r\u00e9pertorier les r\u00e9els besoins des principaux concern\u00e9s: \u00e9l\u00e8ves, enseignants, direction, personnel \u00e9ducatif. Merci au Proviseur du lyc\u00e9e Banque Islamique, Mme Man\u00e9, qui nous a re\u00e7us, expos\u00e9 son projet p\u00e9dagogique, accept\u00e9 la [&hellip;]<\/p>\n","protected":false},"author":1,"featured_media":258,"comment_status":"open","ping_status":"open","sticky":false,"template":"","format":"standard","meta":{"ngg_post_thumbnail":0},"categories":[4,5],"tags":[],"_links":{"self":[{"href":"https:\/\/esprit-sud.org\/index.php\/wp-json\/wp\/v2\/posts\/917"}],"collection":[{"href":"https:\/\/esprit-sud.org\/index.php\/wp-json\/wp\/v2\/posts"}],"about":[{"href":"https:\/\/esprit-sud.org\/index.php\/wp-json\/wp\/v2\/types\/post"}],"author":[{"embeddable":true,"href":"https:\/\/esprit-sud.org\/index.php\/wp-json\/wp\/v2\/users\/1"}],"replies":[{"embeddable":true,"href":"https:\/\/esprit-sud.org\/index.php\/wp-json\/wp\/v2\/comments?post=917"}],"version-history":[{"count":1,"href":"https:\/\/esprit-sud.org\/index.php\/wp-json\/wp\/v2\/posts\/917\/revisions"}],"predecessor-version":[{"id":918,"href":"https:\/\/esprit-sud.org\/index.php\/wp-json\/wp\/v2\/posts\/917\/revisions\/918"}],"wp:featuredmedia":[{"embeddable":true,"href":"https:\/\/esprit-sud.org\/index.php\/wp-json\/wp\/v2\/media\/258"}],"wp:attachment":[{"href":"https:\/\/esprit-sud.org\/index.php\/wp-json\/wp\/v2\/media?parent=917"}],"wp:term":[{"taxonomy":"category","embeddable":true,"href":"https:\/\/esprit-sud.org\/index.php\/wp-json\/wp\/v2\/categories?post=917"},{"taxonomy":"post_tag","embeddable":true,"href":"https:\/\/esprit-sud.org\/index.php\/wp-json\/wp\/v2\/tags?post=917"}],"curies":[{"name":"wp","href":"https:\/\/api.w.org\/{rel}","templated":true}]}}